{"id":2928,"date":"2022-05-18T11:13:15","date_gmt":"2022-05-18T09:13:15","guid":{"rendered":"https:\/\/pampliegaassociats.com\/?p=2928"},"modified":"2022-05-18T11:13:17","modified_gmt":"2022-05-18T09:13:17","slug":"la-comunicacion-instrumento-clave-para-integrar-los-ods-en-los-organismos-y-las-empresas","status":"publish","type":"post","link":"https:\/\/pampliegaassociats.com\/es\/la-comunicacion-instrumento-clave-para-integrar-los-ods-en-los-organismos-y-las-empresas\/","title":{"rendered":"La comunicaci\u00f3n instrumento clave para integrar los ODS en los organismos y las empresas"},"content":{"rendered":"\n<p class=\"has-large-font-size\" style=\"line-height:1.6\">La comunicaci\u00f3n instrumento clave para integrar los ODS en los organismos y las empresas<\/p>\n\n\n\n<figure class=\"wp-block-image size-large\"><img loading=\"lazy\" decoding=\"async\" width=\"1024\" height=\"683\" src=\"https:\/\/pampliegaassociats.com\/wp-content\/uploads\/2021\/07\/greg-rakozy-oMpAz-DN-9I-unsplash-min-1024x683.jpg\" alt=\"\" class=\"wp-image-2204\" srcset=\"https:\/\/pampliegaassociats.com\/wp-content\/uploads\/2021\/07\/greg-rakozy-oMpAz-DN-9I-unsplash-min-1024x683.jpg 1024w, https:\/\/pampliegaassociats.com\/wp-content\/uploads\/2021\/07\/greg-rakozy-oMpAz-DN-9I-unsplash-min-300x200.jpg 300w, https:\/\/pampliegaassociats.com\/wp-content\/uploads\/2021\/07\/greg-rakozy-oMpAz-DN-9I-unsplash-min-150x100.jpg 150w, https:\/\/pampliegaassociats.com\/wp-content\/uploads\/2021\/07\/greg-rakozy-oMpAz-DN-9I-unsplash-min-768x512.jpg 768w, https:\/\/pampliegaassociats.com\/wp-content\/uploads\/2021\/07\/greg-rakozy-oMpAz-DN-9I-unsplash-min-200x133.jpg 200w, https:\/\/pampliegaassociats.com\/wp-content\/uploads\/2021\/07\/greg-rakozy-oMpAz-DN-9I-unsplash-min-1536x1024.jpg 1536w, https:\/\/pampliegaassociats.com\/wp-content\/uploads\/2021\/07\/greg-rakozy-oMpAz-DN-9I-unsplash-min-2048x1365.jpg 2048w, https:\/\/pampliegaassociats.com\/wp-content\/uploads\/2021\/07\/greg-rakozy-oMpAz-DN-9I-unsplash-min-600x400.jpg 600w, https:\/\/pampliegaassociats.com\/wp-content\/uploads\/2021\/07\/greg-rakozy-oMpAz-DN-9I-unsplash-min-1568x1045.jpg 1568w\" sizes=\"auto, (max-width: 1024px) 100vw, 1024px\" \/><\/figure>\n\n\n\n<p>Desde 2015, a\u00f1o en que las Naciones Unidas adoptaron la Agenda 2030 para el Desarrollo Sostenible, el mundo se ha visto inmerso en un cambio de paradigma con el objetivo de satisfacer las necesidades presentes sin comprometer la capacidad de las generaciones futuras.<\/p>\n\n\n\n<p>La Agenda 2030 es un plan de acci\u00f3n que consta de 17 objetivos de desarrollo sostenible (en adelante ODS) y 169 targets concretos. Todos ellos tienen la finalidad de garantizar el equilibrio entre el crecimiento econ\u00f3mico, la cura del medio ambiente y el benestar social, adem\u00e1s de fortalecer la paz mundial y promover la just\u00edcia.<\/p>\n\n\n\n<p>Aunque la Agenda 2030 marca un calendario de 15 a\u00f1os para conseguir cumplir los ODS, y a\u00fan quedan 10 a\u00f1os para llegar, la situaci\u00f3n del Desarrollo Sostenible est\u00e1 en horas bajas. Sin dejar de lado la emergencia clim\u00e1tica, tal y como dice el informe de los ODS del 2020 \u00abla pandemia de la COVID-19 ha desencadenado una crisis sin precedentes que obstaculiza el progreso de los ODS, afectando sobre todo a las personas m\u00e1s pobres y vulnerables del mundo\u00bb.<\/p>\n\n\n\n<p>En este art\u00edculo queremos subrayar la gran importancia de la comunicaci\u00f3n para conseguir los ODS. Sobretodo en estos momentos de crisis, donde a\u00fan es m\u00e1s importante la participaci\u00f3n ciudadana, de las empresas y de las instituciones para la consecuci\u00f3n del Desarrollo Sostenible.<\/p>\n\n\n\n<p>La comunicaci\u00f3n es un pilar estrat\u00e9gico para difundir y ayudar a conseguir los ODS. Despu\u00e9s de 6 a\u00f1os desde la adopci\u00f3n de la Agenda 2030 el contenido de los ODS est\u00e1 en su fase de cumplimiento, y solo si hay una buena comunicaci\u00f3n ligada a una gesti\u00f3n de mejora continua se podr\u00e1 generar esta cambio de conciencia con nuevas mirar para que los impulsen a medio y largo t\u00e9rmino.<\/p>\n\n\n\n<p>Desde la perspectiva corporativa o institucional la implantaci\u00f3n y comunicaci\u00f3n de los ODS aportan una nueva pauta para trabajar de manera transversal para la sostenibilidad. Se crean as\u00ed nuevas din\u00e1micas de trabajo, que aportan una visi\u00f3n alineada con los objetivos globales de cambio de paradigma, el cual m\u00e1s que una opci\u00f3n es una necesidad.<\/p>\n\n\n\n<p>La comunicaci\u00f3n contribuye a dise\u00f1ar el proceso de implantaci\u00f3n de una estrategia de sostenibilidad. Cuando una empresa o instituci\u00f3n se compromete a trabajar para el Desarrollo Sostenible, el primer paso que tiene que hacer es una diagnosis de cual es su situaci\u00f3n, para saber as\u00ed cuales son los ODS que encajan dentro de la organizaci\u00f3n y que se puede hacer para mejorarlos. Una vez se ha hecho esta paso, es necesario planificar un plan de acciones coherentes para as\u00ed poder integrar la gesti\u00f3n de estos ODS, adem\u00e1s de hacer una avaluaci\u00f3n y hacer part\u00edcipes a nuestros p\u00fablicos de inter\u00e9s de las acciones realizadas, a trav\u00e9s del <em>reporting<\/em>, instrumento clave de la comunicaci\u00f3n.<\/p>\n\n\n\n<p>De esta forma, se pueden conseguir nuevos escenarios donde la sostenibilidad es presente como eje estrat\u00e9gico de la organizaci\u00f3n. Se crean as\u00ed, nuevas relaciones beneficiosas con los clientes, que cada vez son m\u00e1s conscientes de este cambio, y que se materializan con nuevas l\u00edneas de negocio, nuevos productos, nuevas relaciones con los proveedores, entre otros.<\/p>\n\n\n\n<p>Dar el paso para ser m\u00e1s sostenibles es el camino necesario y \u00fanico para todas esas empresas o instituciones para ser m\u00e1s part\u00edcipes de este cambio de paradigma respetuoso con el medio ambiente y con las personas con una visi\u00f3n a largo t\u00e9rmino, que pretende revocar el <em>modus operandi<\/em> que se ha tenido hist\u00f3ricamente. As\u00ed pues, la comunicaci\u00f3n de estos objetivos es un instrumento clave para que realmente se pueda integrar en la sociedad, creando una huella verde, una nueva forma de hacer las cosas, pensar y actuar.<\/p>\n\n\n\n<p class=\"has-large-font-size\">Desde P&amp;A ofrecemos instrumentos para integrar el Desarrollo Sostenible a tu empresa o instituci\u00f3n<\/p>\n\n\n\n<p>Somos la primera consultor\u00eda estrat\u00e9gica de Andorra que tiene en cuenta la sostenibilidad como base de modelo organizativo. Somos fieles al Desarrollo Sostenible y nuestro objetivo es ayudar a integrarlos en las instituciones y empresas preparadas para hacer este cambio de conciencia.<\/p>\n\n\n\n<p><strong>Ponte en contacto con nosotros si quieres saber m\u00e1s sobre como integrar la sostenibilidad en tu organizaci\u00f3n.<\/strong><\/p>\n","protected":false},"excerpt":{"rendered":"<p>La comunicaci\u00f3n instrumento clave para integrar los ODS en los organismos y las empresas Desde 2015, a\u00f1o en que las Naciones Unidas adoptaron la Agenda 2030 para el Desarrollo Sostenible, el mundo se ha visto inmerso en un cambio de paradigma con el objetivo de satisfacer las necesidades presentes sin comprometer la capacidad de las &hellip; <\/p>\n<p class=\"link-more\"><a href=\"https:\/\/pampliegaassociats.com\/es\/la-comunicacion-instrumento-clave-para-integrar-los-ods-en-los-organismos-y-las-empresas\/\" class=\"more-link\">Seguir leyendo<span class=\"screen-reader-text\"> \u00abLa comunicaci\u00f3n instrumento clave para integrar los ODS en los organismos y las empresas\u00bb<\/span><\/a><\/p>\n","protected":false},"author":2,"featured_media":2204,"comment_status":"open","ping_status":"open","sticky":false,"template":"","format":"standard","meta":{"footnotes":""},"categories":[8],"tags":[],"class_list":["post-2928","post","type-post","status-publish","format-standard","has-post-thumbnail","hentry","category-insights-pa-es","entry"],"yoast_head":"<!-- This site is optimized with the Yoast SEO plugin v26.7 - https:\/\/yoast.com\/wordpress\/plugins\/seo\/ -->\n<title>La comunicaci\u00f3n instrumento clave para integrar los ODS en los organismos y las empresas - Pampliega &amp; Associats<\/title>\n<meta name=\"robots\" content=\"index, follow, max-snippet:-1, max-image-preview:large, max-video-preview:-1\" \/>\n<link rel=\"canonical\" href=\"https:\/\/pampliegaassociats.com\/es\/la-comunicacion-instrumento-clave-para-integrar-los-ods-en-los-organismos-y-las-empresas\/\" \/>\n<meta property=\"og:locale\" content=\"es_ES\" \/>\n<meta property=\"og:type\" content=\"article\" \/>\n<meta property=\"og:title\" content=\"La comunicaci\u00f3n instrumento clave para integrar los ODS en los organismos y las empresas - Pampliega &amp; Associats\" \/>\n<meta property=\"og:description\" content=\"La comunicaci\u00f3n instrumento clave para integrar los ODS en los organismos y las empresas Desde 2015, a\u00f1o en que las Naciones Unidas adoptaron la Agenda 2030 para el Desarrollo Sostenible, el mundo se ha visto inmerso en un cambio de paradigma con el objetivo de satisfacer las necesidades presentes sin comprometer la capacidad de las &hellip; Seguir leyendo \u00abLa comunicaci\u00f3n instrumento clave para integrar los ODS en los organismos y las empresas\u00bb\" \/>\n<meta property=\"og:url\" content=\"https:\/\/pampliegaassociats.com\/es\/la-comunicacion-instrumento-clave-para-integrar-los-ods-en-los-organismos-y-las-empresas\/\" \/>\n<meta property=\"og:site_name\" content=\"Pampliega &amp; Associats\" \/>\n<meta property=\"article:published_time\" content=\"2022-05-18T09:13:15+00:00\" \/>\n<meta property=\"article:modified_time\" content=\"2022-05-18T09:13:17+00:00\" \/>\n<meta property=\"og:image\" content=\"https:\/\/pampliegaassociats.com\/wp-content\/uploads\/2021\/07\/greg-rakozy-oMpAz-DN-9I-unsplash-min-scaled.jpg\" \/>\n\t<meta property=\"og:image:width\" content=\"2560\" \/>\n\t<meta property=\"og:image:height\" content=\"1707\" \/>\n\t<meta property=\"og:image:type\" content=\"image\/jpeg\" \/>\n<meta name=\"author\" content=\"Pampliega\" \/>\n<meta name=\"twitter:card\" content=\"summary_large_image\" \/>\n<meta name=\"twitter:label1\" content=\"Escrito por\" \/>\n\t<meta name=\"twitter:data1\" content=\"Pampliega\" \/>\n\t<meta name=\"twitter:label2\" content=\"Tiempo de lectura\" \/>\n\t<meta name=\"twitter:data2\" content=\"4 minutos\" \/>\n<script type=\"application\/ld+json\" class=\"yoast-schema-graph\">{\"@context\":\"https:\/\/schema.org\",\"@graph\":[{\"@type\":\"Article\",\"@id\":\"https:\/\/pampliegaassociats.com\/es\/la-comunicacion-instrumento-clave-para-integrar-los-ods-en-los-organismos-y-las-empresas\/#article\",\"isPartOf\":{\"@id\":\"https:\/\/pampliegaassociats.com\/es\/la-comunicacion-instrumento-clave-para-integrar-los-ods-en-los-organismos-y-las-empresas\/\"},\"author\":{\"name\":\"Pampliega\",\"@id\":\"https:\/\/pampliegaassociats.com\/#\/schema\/person\/2cf181a3b56c9bcb3887b57ca4ca92a1\"},\"headline\":\"La comunicaci\u00f3n instrumento clave para integrar los ODS en los organismos y las empresas\",\"datePublished\":\"2022-05-18T09:13:15+00:00\",\"dateModified\":\"2022-05-18T09:13:17+00:00\",\"mainEntityOfPage\":{\"@id\":\"https:\/\/pampliegaassociats.com\/es\/la-comunicacion-instrumento-clave-para-integrar-los-ods-en-los-organismos-y-las-empresas\/\"},\"wordCount\":752,\"commentCount\":0,\"publisher\":{\"@id\":\"https:\/\/pampliegaassociats.com\/#organization\"},\"image\":{\"@id\":\"https:\/\/pampliegaassociats.com\/es\/la-comunicacion-instrumento-clave-para-integrar-los-ods-en-los-organismos-y-las-empresas\/#primaryimage\"},\"thumbnailUrl\":\"https:\/\/pampliegaassociats.com\/wp-content\/uploads\/2021\/07\/greg-rakozy-oMpAz-DN-9I-unsplash-min-scaled.jpg\",\"articleSection\":[\"Insights P&amp;A\"],\"inLanguage\":\"es\",\"potentialAction\":[{\"@type\":\"CommentAction\",\"name\":\"Comment\",\"target\":[\"https:\/\/pampliegaassociats.com\/es\/la-comunicacion-instrumento-clave-para-integrar-los-ods-en-los-organismos-y-las-empresas\/#respond\"]}]},{\"@type\":\"WebPage\",\"@id\":\"https:\/\/pampliegaassociats.com\/es\/la-comunicacion-instrumento-clave-para-integrar-los-ods-en-los-organismos-y-las-empresas\/\",\"url\":\"https:\/\/pampliegaassociats.com\/es\/la-comunicacion-instrumento-clave-para-integrar-los-ods-en-los-organismos-y-las-empresas\/\",\"name\":\"La comunicaci\u00f3n instrumento clave para integrar los ODS en los organismos y las empresas - Pampliega &amp; Associats\",\"isPartOf\":{\"@id\":\"https:\/\/pampliegaassociats.com\/#website\"},\"primaryImageOfPage\":{\"@id\":\"https:\/\/pampliegaassociats.com\/es\/la-comunicacion-instrumento-clave-para-integrar-los-ods-en-los-organismos-y-las-empresas\/#primaryimage\"},\"image\":{\"@id\":\"https:\/\/pampliegaassociats.com\/es\/la-comunicacion-instrumento-clave-para-integrar-los-ods-en-los-organismos-y-las-empresas\/#primaryimage\"},\"thumbnailUrl\":\"https:\/\/pampliegaassociats.com\/wp-content\/uploads\/2021\/07\/greg-rakozy-oMpAz-DN-9I-unsplash-min-scaled.jpg\",\"datePublished\":\"2022-05-18T09:13:15+00:00\",\"dateModified\":\"2022-05-18T09:13:17+00:00\",\"breadcrumb\":{\"@id\":\"https:\/\/pampliegaassociats.com\/es\/la-comunicacion-instrumento-clave-para-integrar-los-ods-en-los-organismos-y-las-empresas\/#breadcrumb\"},\"inLanguage\":\"es\",\"potentialAction\":[{\"@type\":\"ReadAction\",\"target\":[\"https:\/\/pampliegaassociats.com\/es\/la-comunicacion-instrumento-clave-para-integrar-los-ods-en-los-organismos-y-las-empresas\/\"]}]},{\"@type\":\"ImageObject\",\"inLanguage\":\"es\",\"@id\":\"https:\/\/pampliegaassociats.com\/es\/la-comunicacion-instrumento-clave-para-integrar-los-ods-en-los-organismos-y-las-empresas\/#primaryimage\",\"url\":\"https:\/\/pampliegaassociats.com\/wp-content\/uploads\/2021\/07\/greg-rakozy-oMpAz-DN-9I-unsplash-min-scaled.jpg\",\"contentUrl\":\"https:\/\/pampliegaassociats.com\/wp-content\/uploads\/2021\/07\/greg-rakozy-oMpAz-DN-9I-unsplash-min-scaled.jpg\",\"width\":2560,\"height\":1707},{\"@type\":\"BreadcrumbList\",\"@id\":\"https:\/\/pampliegaassociats.com\/es\/la-comunicacion-instrumento-clave-para-integrar-los-ods-en-los-organismos-y-las-empresas\/#breadcrumb\",\"itemListElement\":[{\"@type\":\"ListItem\",\"position\":1,\"name\":\"Portada\",\"item\":\"https:\/\/pampliegaassociats.com\/es\/\"},{\"@type\":\"ListItem\",\"position\":2,\"name\":\"La comunicaci\u00f3n instrumento clave para integrar los ODS en los organismos y las empresas\"}]},{\"@type\":\"WebSite\",\"@id\":\"https:\/\/pampliegaassociats.com\/#website\",\"url\":\"https:\/\/pampliegaassociats.com\/\",\"name\":\"Pampliega &amp; Associats\",\"description\":\"Comunicaci\u00f3 Estrat\u00e8gica Reputaci\u00f3 i Gesti\u00f3 de crisi\",\"publisher\":{\"@id\":\"https:\/\/pampliegaassociats.com\/#organization\"},\"potentialAction\":[{\"@type\":\"SearchAction\",\"target\":{\"@type\":\"EntryPoint\",\"urlTemplate\":\"https:\/\/pampliegaassociats.com\/?s={search_term_string}\"},\"query-input\":{\"@type\":\"PropertyValueSpecification\",\"valueRequired\":true,\"valueName\":\"search_term_string\"}}],\"inLanguage\":\"es\"},{\"@type\":\"Organization\",\"@id\":\"https:\/\/pampliegaassociats.com\/#organization\",\"name\":\"Pampliega & Associats\",\"url\":\"https:\/\/pampliegaassociats.com\/\",\"logo\":{\"@type\":\"ImageObject\",\"inLanguage\":\"es\",\"@id\":\"https:\/\/pampliegaassociats.com\/#\/schema\/logo\/image\/\",\"url\":\"https:\/\/pampliegaassociats.com\/wp-content\/uploads\/2019\/02\/logo_pampliega_associats.png\",\"contentUrl\":\"https:\/\/pampliegaassociats.com\/wp-content\/uploads\/2019\/02\/logo_pampliega_associats.png\",\"width\":220,\"height\":110,\"caption\":\"Pampliega & Associats\"},\"image\":{\"@id\":\"https:\/\/pampliegaassociats.com\/#\/schema\/logo\/image\/\"}},{\"@type\":\"Person\",\"@id\":\"https:\/\/pampliegaassociats.com\/#\/schema\/person\/2cf181a3b56c9bcb3887b57ca4ca92a1\",\"name\":\"Pampliega\",\"image\":{\"@type\":\"ImageObject\",\"inLanguage\":\"es\",\"@id\":\"https:\/\/pampliegaassociats.com\/#\/schema\/person\/image\/\",\"url\":\"https:\/\/secure.gravatar.com\/avatar\/f6ea7cc800e54ec0eeb79d7aec1b82dfa34411e3ad63b0b583ded44aaa5e8340?s=96&d=mm&r=g\",\"contentUrl\":\"https:\/\/secure.gravatar.com\/avatar\/f6ea7cc800e54ec0eeb79d7aec1b82dfa34411e3ad63b0b583ded44aaa5e8340?s=96&d=mm&r=g\",\"caption\":\"Pampliega\"}}]}<\/script>\n<!-- \/ Yoast SEO plugin. -->","yoast_head_json":{"title":"La comunicaci\u00f3n instrumento clave para integrar los ODS en los organismos y las empresas - Pampliega &amp; Associats","robots":{"index":"index","follow":"follow","max-snippet":"max-snippet:-1","max-image-preview":"max-image-preview:large","max-video-preview":"max-video-preview:-1"},"canonical":"https:\/\/pampliegaassociats.com\/es\/la-comunicacion-instrumento-clave-para-integrar-los-ods-en-los-organismos-y-las-empresas\/","og_locale":"es_ES","og_type":"article","og_title":"La comunicaci\u00f3n instrumento clave para integrar los ODS en los organismos y las empresas - Pampliega &amp; Associats","og_description":"La comunicaci\u00f3n instrumento clave para integrar los ODS en los organismos y las empresas Desde 2015, a\u00f1o en que las Naciones Unidas adoptaron la Agenda 2030 para el Desarrollo Sostenible, el mundo se ha visto inmerso en un cambio de paradigma con el objetivo de satisfacer las necesidades presentes sin comprometer la capacidad de las &hellip; Seguir leyendo \u00abLa comunicaci\u00f3n instrumento clave para integrar los ODS en los organismos y las empresas\u00bb","og_url":"https:\/\/pampliegaassociats.com\/es\/la-comunicacion-instrumento-clave-para-integrar-los-ods-en-los-organismos-y-las-empresas\/","og_site_name":"Pampliega &amp; Associats","article_published_time":"2022-05-18T09:13:15+00:00","article_modified_time":"2022-05-18T09:13:17+00:00","og_image":[{"width":2560,"height":1707,"url":"https:\/\/pampliegaassociats.com\/wp-content\/uploads\/2021\/07\/greg-rakozy-oMpAz-DN-9I-unsplash-min-scaled.jpg","type":"image\/jpeg"}],"author":"Pampliega","twitter_card":"summary_large_image","twitter_misc":{"Escrito por":"Pampliega","Tiempo de lectura":"4 minutos"},"schema":{"@context":"https:\/\/schema.org","@graph":[{"@type":"Article","@id":"https:\/\/pampliegaassociats.com\/es\/la-comunicacion-instrumento-clave-para-integrar-los-ods-en-los-organismos-y-las-empresas\/#article","isPartOf":{"@id":"https:\/\/pampliegaassociats.com\/es\/la-comunicacion-instrumento-clave-para-integrar-los-ods-en-los-organismos-y-las-empresas\/"},"author":{"name":"Pampliega","@id":"https:\/\/pampliegaassociats.com\/#\/schema\/person\/2cf181a3b56c9bcb3887b57ca4ca92a1"},"headline":"La comunicaci\u00f3n instrumento clave para integrar los ODS en los organismos y las empresas","datePublished":"2022-05-18T09:13:15+00:00","dateModified":"2022-05-18T09:13:17+00:00","mainEntityOfPage":{"@id":"https:\/\/pampliegaassociats.com\/es\/la-comunicacion-instrumento-clave-para-integrar-los-ods-en-los-organismos-y-las-empresas\/"},"wordCount":752,"commentCount":0,"publisher":{"@id":"https:\/\/pampliegaassociats.com\/#organization"},"image":{"@id":"https:\/\/pampliegaassociats.com\/es\/la-comunicacion-instrumento-clave-para-integrar-los-ods-en-los-organismos-y-las-empresas\/#primaryimage"},"thumbnailUrl":"https:\/\/pampliegaassociats.com\/wp-content\/uploads\/2021\/07\/greg-rakozy-oMpAz-DN-9I-unsplash-min-scaled.jpg","articleSection":["Insights P&amp;A"],"inLanguage":"es","potentialAction":[{"@type":"CommentAction","name":"Comment","target":["https:\/\/pampliegaassociats.com\/es\/la-comunicacion-instrumento-clave-para-integrar-los-ods-en-los-organismos-y-las-empresas\/#respond"]}]},{"@type":"WebPage","@id":"https:\/\/pampliegaassociats.com\/es\/la-comunicacion-instrumento-clave-para-integrar-los-ods-en-los-organismos-y-las-empresas\/","url":"https:\/\/pampliegaassociats.com\/es\/la-comunicacion-instrumento-clave-para-integrar-los-ods-en-los-organismos-y-las-empresas\/","name":"La comunicaci\u00f3n instrumento clave para integrar los ODS en los organismos y las empresas - Pampliega &amp; Associats","isPartOf":{"@id":"https:\/\/pampliegaassociats.com\/#website"},"primaryImageOfPage":{"@id":"https:\/\/pampliegaassociats.com\/es\/la-comunicacion-instrumento-clave-para-integrar-los-ods-en-los-organismos-y-las-empresas\/#primaryimage"},"image":{"@id":"https:\/\/pampliegaassociats.com\/es\/la-comunicacion-instrumento-clave-para-integrar-los-ods-en-los-organismos-y-las-empresas\/#primaryimage"},"thumbnailUrl":"https:\/\/pampliegaassociats.com\/wp-content\/uploads\/2021\/07\/greg-rakozy-oMpAz-DN-9I-unsplash-min-scaled.jpg","datePublished":"2022-05-18T09:13:15+00:00","dateModified":"2022-05-18T09:13:17+00:00","breadcrumb":{"@id":"https:\/\/pampliegaassociats.com\/es\/la-comunicacion-instrumento-clave-para-integrar-los-ods-en-los-organismos-y-las-empresas\/#breadcrumb"},"inLanguage":"es","potentialAction":[{"@type":"ReadAction","target":["https:\/\/pampliegaassociats.com\/es\/la-comunicacion-instrumento-clave-para-integrar-los-ods-en-los-organismos-y-las-empresas\/"]}]},{"@type":"ImageObject","inLanguage":"es","@id":"https:\/\/pampliegaassociats.com\/es\/la-comunicacion-instrumento-clave-para-integrar-los-ods-en-los-organismos-y-las-empresas\/#primaryimage","url":"https:\/\/pampliegaassociats.com\/wp-content\/uploads\/2021\/07\/greg-rakozy-oMpAz-DN-9I-unsplash-min-scaled.jpg","contentUrl":"https:\/\/pampliegaassociats.com\/wp-content\/uploads\/2021\/07\/greg-rakozy-oMpAz-DN-9I-unsplash-min-scaled.jpg","width":2560,"height":1707},{"@type":"BreadcrumbList","@id":"https:\/\/pampliegaassociats.com\/es\/la-comunicacion-instrumento-clave-para-integrar-los-ods-en-los-organismos-y-las-empresas\/#breadcrumb","itemListElement":[{"@type":"ListItem","position":1,"name":"Portada","item":"https:\/\/pampliegaassociats.com\/es\/"},{"@type":"ListItem","position":2,"name":"La comunicaci\u00f3n instrumento clave para integrar los ODS en los organismos y las empresas"}]},{"@type":"WebSite","@id":"https:\/\/pampliegaassociats.com\/#website","url":"https:\/\/pampliegaassociats.com\/","name":"Pampliega &amp; Associats","description":"Comunicaci\u00f3 Estrat\u00e8gica Reputaci\u00f3 i Gesti\u00f3 de crisi","publisher":{"@id":"https:\/\/pampliegaassociats.com\/#organization"},"potentialAction":[{"@type":"SearchAction","target":{"@type":"EntryPoint","urlTemplate":"https:\/\/pampliegaassociats.com\/?s={search_term_string}"},"query-input":{"@type":"PropertyValueSpecification","valueRequired":true,"valueName":"search_term_string"}}],"inLanguage":"es"},{"@type":"Organization","@id":"https:\/\/pampliegaassociats.com\/#organization","name":"Pampliega & Associats","url":"https:\/\/pampliegaassociats.com\/","logo":{"@type":"ImageObject","inLanguage":"es","@id":"https:\/\/pampliegaassociats.com\/#\/schema\/logo\/image\/","url":"https:\/\/pampliegaassociats.com\/wp-content\/uploads\/2019\/02\/logo_pampliega_associats.png","contentUrl":"https:\/\/pampliegaassociats.com\/wp-content\/uploads\/2019\/02\/logo_pampliega_associats.png","width":220,"height":110,"caption":"Pampliega & Associats"},"image":{"@id":"https:\/\/pampliegaassociats.com\/#\/schema\/logo\/image\/"}},{"@type":"Person","@id":"https:\/\/pampliegaassociats.com\/#\/schema\/person\/2cf181a3b56c9bcb3887b57ca4ca92a1","name":"Pampliega","image":{"@type":"ImageObject","inLanguage":"es","@id":"https:\/\/pampliegaassociats.com\/#\/schema\/person\/image\/","url":"https:\/\/secure.gravatar.com\/avatar\/f6ea7cc800e54ec0eeb79d7aec1b82dfa34411e3ad63b0b583ded44aaa5e8340?s=96&d=mm&r=g","contentUrl":"https:\/\/secure.gravatar.com\/avatar\/f6ea7cc800e54ec0eeb79d7aec1b82dfa34411e3ad63b0b583ded44aaa5e8340?s=96&d=mm&r=g","caption":"Pampliega"}}]}},"featured_image_src":"https:\/\/pampliegaassociats.com\/wp-content\/uploads\/2021\/07\/greg-rakozy-oMpAz-DN-9I-unsplash-min-600x400.jpg","featured_image_src_square":"https:\/\/pampliegaassociats.com\/wp-content\/uploads\/2021\/07\/greg-rakozy-oMpAz-DN-9I-unsplash-min-600x600.jpg","author_info":{"display_name":"Pampliega","author_link":"https:\/\/pampliegaassociats.com\/es\/author\/pampliega\/"},"_links":{"self":[{"href":"https:\/\/pampliegaassociats.com\/es\/wp-json\/wp\/v2\/posts\/2928","targetHints":{"allow":["GET"]}}],"collection":[{"href":"https:\/\/pampliegaassociats.com\/es\/wp-json\/wp\/v2\/posts"}],"about":[{"href":"https:\/\/pampliegaassociats.com\/es\/wp-json\/wp\/v2\/types\/post"}],"author":[{"embeddable":true,"href":"https:\/\/pampliegaassociats.com\/es\/wp-json\/wp\/v2\/users\/2"}],"replies":[{"embeddable":true,"href":"https:\/\/pampliegaassociats.com\/es\/wp-json\/wp\/v2\/comments?post=2928"}],"version-history":[{"count":1,"href":"https:\/\/pampliegaassociats.com\/es\/wp-json\/wp\/v2\/posts\/2928\/revisions"}],"predecessor-version":[{"id":2929,"href":"https:\/\/pampliegaassociats.com\/es\/wp-json\/wp\/v2\/posts\/2928\/revisions\/2929"}],"wp:featuredmedia":[{"embeddable":true,"href":"https:\/\/pampliegaassociats.com\/es\/wp-json\/wp\/v2\/media\/2204"}],"wp:attachment":[{"href":"https:\/\/pampliegaassociats.com\/es\/wp-json\/wp\/v2\/media?parent=2928"}],"wp:term":[{"taxonomy":"category","embeddable":true,"href":"https:\/\/pampliegaassociats.com\/es\/wp-json\/wp\/v2\/categories?post=2928"},{"taxonomy":"post_tag","embeddable":true,"href":"https:\/\/pampliegaassociats.com\/es\/wp-json\/wp\/v2\/tags?post=2928"}],"curies":[{"name":"wp","href":"https:\/\/api.w.org\/{rel}","templated":true}]}}