{"id":1688,"date":"2020-12-17T12:17:07","date_gmt":"2020-12-17T11:17:07","guid":{"rendered":"https:\/\/pampliegaassociats.com\/?p=1688"},"modified":"2020-12-17T14:34:54","modified_gmt":"2020-12-17T13:34:54","slug":"tendencias-marcas-2021-comunicacion-estrategica","status":"publish","type":"post","link":"https:\/\/pampliegaassociats.com\/es\/tendencias-marcas-2021-comunicacion-estrategica\/","title":{"rendered":"Retos de las marcas por 2021: escuchar y adaptarse"},"content":{"rendered":"<h1>Retos de las marcas por 2021: escuchar y adaptarse<\/h1>\n<p><img loading=\"lazy\" decoding=\"async\" class=\"aligncenter size-large wp-image-1682\" src=\"https:\/\/pampliegaassociats.com\/wp-content\/uploads\/2020\/12\/1-1024x644.jpg\" alt=\"\" width=\"640\" height=\"403\" srcset=\"https:\/\/pampliegaassociats.com\/wp-content\/uploads\/2020\/12\/1-1024x644.jpg 1024w, https:\/\/pampliegaassociats.com\/wp-content\/uploads\/2020\/12\/1-300x189.jpg 300w, https:\/\/pampliegaassociats.com\/wp-content\/uploads\/2020\/12\/1-150x94.jpg 150w, https:\/\/pampliegaassociats.com\/wp-content\/uploads\/2020\/12\/1-768x483.jpg 768w, https:\/\/pampliegaassociats.com\/wp-content\/uploads\/2020\/12\/1-200x126.jpg 200w, https:\/\/pampliegaassociats.com\/wp-content\/uploads\/2020\/12\/1.jpg 1395w\" sizes=\"auto, (max-width: 640px) 100vw, 640px\" \/><\/p>\n<p>Sin duda recordaremos el 2020, por la pandemia de la Covid-19, el impacto econ\u00f3mico y los cambios sociales que ha comportado. Pero tambi\u00e9n, por c\u00f3mo ha influido en la comunicaci\u00f3n interpersonal y la comunicaci\u00f3n corporativa en todas las vertientes.<\/p>\n<p>Las empresas han tenido que acelerar procesos como la digitalizaci\u00f3n para poder mantener la actividad y la propia continuidad del negocio. Expertos en transformaci\u00f3n digital hablan que la explican nos ha hecho avanzar 8 a\u00f1os en cambio de h\u00e1bitos.<\/p>\n<p>As\u00ed,<strong> las marcas han tenido que escuchar m\u00e1s atentamente al mercado y adaptar los modelos de negocio y la comunicaci\u00f3n a las nuevas formas de hacer, sensibilidades y expectativas de sus p\u00fablicos. Y esto, tiene que ser percibido como una oportunidad.<\/strong><\/p>\n<p>Para que no se produzca una desconexi\u00f3n con la audiencia, hay que mantenerse actualizado con las nuevas tendencias. La situaci\u00f3n vivida en estos \u00faltimos meses ha transformado la mentalidad de los consumidores, que han adoptado nuevos valores y contemplan nuevas necesidades. Por lo tanto, piden m\u00e1s a las marcas.<\/p>\n<p>De esto, tambi\u00e9n se hizo eco Sergi Vil\u00e0, responsable de dise\u00f1o y estrat\u00e9gica de la agencia Clase Bcn. Recientemente, expuso las nuevas tendencias que las marcas tienen que abrazar el pr\u00f3ximo a\u00f1o para estar en consonancia con los intereses de su p\u00fablico mayoritario.<\/p>\n<h3>Qu\u00e9 se pedir\u00e1 a las marcas en 2021? 5 ejes vertebradores<\/h3>\n<p>\u2013 <strong>Empat\u00eda<\/strong>: resulta primordial desarrollar una marca significativa a nivel humano. Hay que dar visibilidad a las nuevas maneras de hacer y de sentir. Ahora m\u00e1s que nunca, las marcas tienen que humanizarse y acercarse a conceptos como inclusi\u00f3n, comunidad y pertenencia. Adem\u00e1s, es conveniente optar por una comunicaci\u00f3n directa e inmediata para conectar con las generaciones m\u00e1s j\u00f3venes.<\/p>\n<p><em>\u2013 <strong>Role models<\/strong><\/em>: si bien los modelos estereotipados han quedado desfasados, la sociedad actual pide \u201c<em>role models<\/em>\u201d (o modelos de conducta), la imagen de los cuales est\u00e9 asociada a valores concretos, que tengan una historia que explicar y que se sienta m\u00e1s pr\u00f3xima a la realidad de los consumidores. As\u00ed, se buscan influencers reales que generen una mayor identificaci\u00f3n entre la marca y sus p\u00fablicos.<\/p>\n<p>\u2013 <strong>Impacto positivo:<\/strong> c\u00f3mo comentamos en <a href=\"https:\/\/pampliegaassociats.com\/estrategia-valor-marca-consultoria-comunicacio\/\"><strong>este post anterior<\/strong><\/a>, las marcas no solo tienen que tener un producto o servicio que aporte valor al cliente sino tambi\u00e9n velar para ofrecer un impacto positivo global a la sociedad. As\u00ed, las marcas con valor y con una econom\u00eda de impacto se prev\u00e9 que tengan un mayor recorrido en el largo plazo.<\/p>\n<p>\u2013 <strong>Persona<\/strong>: cada vez son m\u00e1s las marcas que est\u00e1n girando el foco de sus campa\u00f1as del producto hacia la persona, tanto la que produce el producto como la que lo consume. El impacto sobre la comunidad y los objetivos comunes que compartimos como sociedad son cada vez m\u00e1s protagonistas de las campa\u00f1as de publicidad.<\/p>\n<p>\u2013 <strong>Sostenibilidad<\/strong>: no solo quremos un producto efectivo y \u00fatil sino que el respeto con el medio ambiente es ahora, y desde hace unos a\u00f1os, un factor a tener en cuenta. Para fomentar el consumo responsable, las marcas est\u00e1n abogando por productos m\u00e1s caros y de mayor calidad, que tendr\u00e1n una vida m\u00e1s larga.<\/p>\n<p>Los cambios que los clientes piden no se pueden realizar de un d\u00eda para el otro, sino que <strong>necesitan planificaci\u00f3n, estructura y estrategia<\/strong>. Por lo tanto, en 2021 se premiar\u00e1 a las marcas y empresas que hab\u00edan empezado esta renovaci\u00f3n con anterioridad y ya est\u00e1n consolidadas como referentes en valores como la sensibilidad de los p\u00fablicos o el respecto al medio ambiente. Algunos ejemplos de campa\u00f1as de este a\u00f1o podr\u00edan ser la de Calvin Klein \u201c<a href=\"https:\/\/www.elle.com\/es\/moda\/noticias\/a27420210\/calvin-klein-campana-sin-filtros-ni-miedo\/\" target=\"_blank\" rel=\"noopener noreferrer\"><strong>I SPEAK MY TRUTH IN #MYCALVINS<\/strong><\/a>\u201d, donde se apuesta por la diversidad, y <a href=\"https:\/\/cl.patagonia.com\/pages\/artifishal\" target=\"_blank\" rel=\"noopener noreferrer\"><strong>Artifishal de Patagonia<\/strong><\/a>, un documental donde se alerta de la necesidad de proteger las especies animales y, en general, la natura.<\/p>\n<p>Adem\u00e1s, las marcas se han dado cuenta de la importancia de elaborar un relato corporativo o publicitario (<em>storytelling<\/em>)\u00a0basado en las personas y predicando con el ejemplo. Por \u00faltimo, se han flexibilidad algunos patrones que parec\u00edan inamovibles, como las dos temporadas anuales de las grandes marcas de moda, como\u00a0<a href=\"https:\/\/www.infobae.com\/america\/entretenimiento\/2020\/05\/31\/el-coronavirus-cambia-para-siempre-la-industria-de-la-moda-gucci-abandona-el-concepto-de-temporadas\/\" target=\"_blank\" rel=\"noopener noreferrer\"><strong>Gucci<\/strong><\/a>, que a partir de ahora presentar\u00e1n las colecciones de acuerdo con otros factores relacionados con la creatividad y las especificados de cada momento.<\/p>\n<h3>En Pampliega &amp; Associats creemos en la humanizaci\u00f3n de las marcas y en una comunicaci\u00f3n basada en la escucha activa. La esencia de una marca tiene que prevalecer, pero el reto es adaptarse al consumidor y el contexto actual.<\/h3>\n","protected":false},"excerpt":{"rendered":"<p>Retos de las marcas por 2021: escuchar y adaptarse Sin duda recordaremos el 2020, por la pandemia de la Covid-19, el impacto econ\u00f3mico y los cambios sociales que ha comportado. Pero tambi\u00e9n, por c\u00f3mo ha influido en la comunicaci\u00f3n interpersonal y la comunicaci\u00f3n corporativa en todas las vertientes. Las empresas han tenido que acelerar procesos &hellip; <\/p>\n<p class=\"link-more\"><a href=\"https:\/\/pampliegaassociats.com\/es\/tendencias-marcas-2021-comunicacion-estrategica\/\" class=\"more-link\">Seguir leyendo<span class=\"screen-reader-text\"> \u00abRetos de las marcas por 2021: escuchar y adaptarse\u00bb<\/span><\/a><\/p>\n","protected":false},"author":2,"featured_media":1682,"comment_status":"open","ping_status":"open","sticky":false,"template":"","format":"standard","meta":{"footnotes":""},"categories":[8],"tags":[],"class_list":["post-1688","post","type-post","status-publish","format-standard","has-post-thumbnail","hentry","category-insights-pa-es","entry"],"yoast_head":"<!-- This site is optimized with the Yoast SEO plugin v26.7 - https:\/\/yoast.com\/wordpress\/plugins\/seo\/ -->\n<title>Retos de las marcas por 2021: escuchar y adaptarse - Nuevas tendencias<\/title>\n<meta name=\"robots\" content=\"index, follow, max-snippet:-1, max-image-preview:large, max-video-preview:-1\" \/>\n<link rel=\"canonical\" href=\"https:\/\/pampliegaassociats.com\/es\/tendencias-marcas-2021-comunicacion-estrategica\/\" \/>\n<meta property=\"og:locale\" content=\"es_ES\" \/>\n<meta property=\"og:type\" content=\"article\" \/>\n<meta property=\"og:title\" content=\"Retos de las marcas por 2021: escuchar y adaptarse - Nuevas tendencias\" \/>\n<meta property=\"og:description\" content=\"Retos de las marcas por 2021: escuchar y adaptarse Sin duda recordaremos el 2020, por la pandemia de la Covid-19, el impacto econ\u00f3mico y los cambios sociales que ha comportado. Pero tambi\u00e9n, por c\u00f3mo ha influido en la comunicaci\u00f3n interpersonal y la comunicaci\u00f3n corporativa en todas las vertientes. Las empresas han tenido que acelerar procesos &hellip; Seguir leyendo \u00abRetos de las marcas por 2021: escuchar y adaptarse\u00bb\" \/>\n<meta property=\"og:url\" content=\"https:\/\/pampliegaassociats.com\/es\/tendencias-marcas-2021-comunicacion-estrategica\/\" \/>\n<meta property=\"og:site_name\" content=\"Pampliega &amp; Associats\" \/>\n<meta property=\"article:published_time\" content=\"2020-12-17T11:17:07+00:00\" \/>\n<meta property=\"article:modified_time\" content=\"2020-12-17T13:34:54+00:00\" \/>\n<meta property=\"og:image\" content=\"https:\/\/pampliegaassociats.com\/wp-content\/uploads\/2020\/12\/1-1024x644.jpg\" \/>\n<meta name=\"author\" content=\"Pampliega\" \/>\n<meta name=\"twitter:card\" content=\"summary_large_image\" \/>\n<meta name=\"twitter:label1\" content=\"Escrito por\" \/>\n\t<meta name=\"twitter:data1\" content=\"Pampliega\" \/>\n\t<meta name=\"twitter:label2\" content=\"Tiempo de lectura\" \/>\n\t<meta name=\"twitter:data2\" content=\"4 minutos\" \/>\n<script type=\"application\/ld+json\" class=\"yoast-schema-graph\">{\"@context\":\"https:\/\/schema.org\",\"@graph\":[{\"@type\":\"Article\",\"@id\":\"https:\/\/pampliegaassociats.com\/es\/tendencias-marcas-2021-comunicacion-estrategica\/#article\",\"isPartOf\":{\"@id\":\"https:\/\/pampliegaassociats.com\/es\/tendencias-marcas-2021-comunicacion-estrategica\/\"},\"author\":{\"name\":\"Pampliega\",\"@id\":\"https:\/\/pampliegaassociats.com\/#\/schema\/person\/2cf181a3b56c9bcb3887b57ca4ca92a1\"},\"headline\":\"Retos de las marcas por 2021: escuchar y adaptarse\",\"datePublished\":\"2020-12-17T11:17:07+00:00\",\"dateModified\":\"2020-12-17T13:34:54+00:00\",\"mainEntityOfPage\":{\"@id\":\"https:\/\/pampliegaassociats.com\/es\/tendencias-marcas-2021-comunicacion-estrategica\/\"},\"wordCount\":800,\"commentCount\":0,\"publisher\":{\"@id\":\"https:\/\/pampliegaassociats.com\/#organization\"},\"image\":{\"@id\":\"https:\/\/pampliegaassociats.com\/es\/tendencias-marcas-2021-comunicacion-estrategica\/#primaryimage\"},\"thumbnailUrl\":\"https:\/\/pampliegaassociats.com\/wp-content\/uploads\/2020\/12\/1.jpg\",\"articleSection\":[\"Insights P&amp;A\"],\"inLanguage\":\"es\",\"potentialAction\":[{\"@type\":\"CommentAction\",\"name\":\"Comment\",\"target\":[\"https:\/\/pampliegaassociats.com\/es\/tendencias-marcas-2021-comunicacion-estrategica\/#respond\"]}]},{\"@type\":\"WebPage\",\"@id\":\"https:\/\/pampliegaassociats.com\/es\/tendencias-marcas-2021-comunicacion-estrategica\/\",\"url\":\"https:\/\/pampliegaassociats.com\/es\/tendencias-marcas-2021-comunicacion-estrategica\/\",\"name\":\"Retos de las marcas por 2021: escuchar y adaptarse - Nuevas tendencias\",\"isPartOf\":{\"@id\":\"https:\/\/pampliegaassociats.com\/#website\"},\"primaryImageOfPage\":{\"@id\":\"https:\/\/pampliegaassociats.com\/es\/tendencias-marcas-2021-comunicacion-estrategica\/#primaryimage\"},\"image\":{\"@id\":\"https:\/\/pampliegaassociats.com\/es\/tendencias-marcas-2021-comunicacion-estrategica\/#primaryimage\"},\"thumbnailUrl\":\"https:\/\/pampliegaassociats.com\/wp-content\/uploads\/2020\/12\/1.jpg\",\"datePublished\":\"2020-12-17T11:17:07+00:00\",\"dateModified\":\"2020-12-17T13:34:54+00:00\",\"breadcrumb\":{\"@id\":\"https:\/\/pampliegaassociats.com\/es\/tendencias-marcas-2021-comunicacion-estrategica\/#breadcrumb\"},\"inLanguage\":\"es\",\"potentialAction\":[{\"@type\":\"ReadAction\",\"target\":[\"https:\/\/pampliegaassociats.com\/es\/tendencias-marcas-2021-comunicacion-estrategica\/\"]}]},{\"@type\":\"ImageObject\",\"inLanguage\":\"es\",\"@id\":\"https:\/\/pampliegaassociats.com\/es\/tendencias-marcas-2021-comunicacion-estrategica\/#primaryimage\",\"url\":\"https:\/\/pampliegaassociats.com\/wp-content\/uploads\/2020\/12\/1.jpg\",\"contentUrl\":\"https:\/\/pampliegaassociats.com\/wp-content\/uploads\/2020\/12\/1.jpg\",\"width\":1395,\"height\":878},{\"@type\":\"BreadcrumbList\",\"@id\":\"https:\/\/pampliegaassociats.com\/es\/tendencias-marcas-2021-comunicacion-estrategica\/#breadcrumb\",\"itemListElement\":[{\"@type\":\"ListItem\",\"position\":1,\"name\":\"Portada\",\"item\":\"https:\/\/pampliegaassociats.com\/es\/\"},{\"@type\":\"ListItem\",\"position\":2,\"name\":\"Retos de las marcas por 2021: escuchar y adaptarse\"}]},{\"@type\":\"WebSite\",\"@id\":\"https:\/\/pampliegaassociats.com\/#website\",\"url\":\"https:\/\/pampliegaassociats.com\/\",\"name\":\"Pampliega &amp; Associats\",\"description\":\"Comunicaci\u00f3 Estrat\u00e8gica Reputaci\u00f3 i Gesti\u00f3 de crisi\",\"publisher\":{\"@id\":\"https:\/\/pampliegaassociats.com\/#organization\"},\"potentialAction\":[{\"@type\":\"SearchAction\",\"target\":{\"@type\":\"EntryPoint\",\"urlTemplate\":\"https:\/\/pampliegaassociats.com\/?s={search_term_string}\"},\"query-input\":{\"@type\":\"PropertyValueSpecification\",\"valueRequired\":true,\"valueName\":\"search_term_string\"}}],\"inLanguage\":\"es\"},{\"@type\":\"Organization\",\"@id\":\"https:\/\/pampliegaassociats.com\/#organization\",\"name\":\"Pampliega & Associats\",\"url\":\"https:\/\/pampliegaassociats.com\/\",\"logo\":{\"@type\":\"ImageObject\",\"inLanguage\":\"es\",\"@id\":\"https:\/\/pampliegaassociats.com\/#\/schema\/logo\/image\/\",\"url\":\"https:\/\/pampliegaassociats.com\/wp-content\/uploads\/2019\/02\/logo_pampliega_associats.png\",\"contentUrl\":\"https:\/\/pampliegaassociats.com\/wp-content\/uploads\/2019\/02\/logo_pampliega_associats.png\",\"width\":220,\"height\":110,\"caption\":\"Pampliega & Associats\"},\"image\":{\"@id\":\"https:\/\/pampliegaassociats.com\/#\/schema\/logo\/image\/\"}},{\"@type\":\"Person\",\"@id\":\"https:\/\/pampliegaassociats.com\/#\/schema\/person\/2cf181a3b56c9bcb3887b57ca4ca92a1\",\"name\":\"Pampliega\",\"image\":{\"@type\":\"ImageObject\",\"inLanguage\":\"es\",\"@id\":\"https:\/\/pampliegaassociats.com\/#\/schema\/person\/image\/\",\"url\":\"https:\/\/secure.gravatar.com\/avatar\/f6ea7cc800e54ec0eeb79d7aec1b82dfa34411e3ad63b0b583ded44aaa5e8340?s=96&d=mm&r=g\",\"contentUrl\":\"https:\/\/secure.gravatar.com\/avatar\/f6ea7cc800e54ec0eeb79d7aec1b82dfa34411e3ad63b0b583ded44aaa5e8340?s=96&d=mm&r=g\",\"caption\":\"Pampliega\"}}]}<\/script>\n<!-- \/ Yoast SEO plugin. -->","yoast_head_json":{"title":"Retos de las marcas por 2021: escuchar y adaptarse - Nuevas tendencias","robots":{"index":"index","follow":"follow","max-snippet":"max-snippet:-1","max-image-preview":"max-image-preview:large","max-video-preview":"max-video-preview:-1"},"canonical":"https:\/\/pampliegaassociats.com\/es\/tendencias-marcas-2021-comunicacion-estrategica\/","og_locale":"es_ES","og_type":"article","og_title":"Retos de las marcas por 2021: escuchar y adaptarse - Nuevas tendencias","og_description":"Retos de las marcas por 2021: escuchar y adaptarse Sin duda recordaremos el 2020, por la pandemia de la Covid-19, el impacto econ\u00f3mico y los cambios sociales que ha comportado. Pero tambi\u00e9n, por c\u00f3mo ha influido en la comunicaci\u00f3n interpersonal y la comunicaci\u00f3n corporativa en todas las vertientes. Las empresas han tenido que acelerar procesos &hellip; Seguir leyendo \u00abRetos de las marcas por 2021: escuchar y adaptarse\u00bb","og_url":"https:\/\/pampliegaassociats.com\/es\/tendencias-marcas-2021-comunicacion-estrategica\/","og_site_name":"Pampliega &amp; Associats","article_published_time":"2020-12-17T11:17:07+00:00","article_modified_time":"2020-12-17T13:34:54+00:00","og_image":[{"url":"https:\/\/pampliegaassociats.com\/wp-content\/uploads\/2020\/12\/1-1024x644.jpg","type":"","width":"","height":""}],"author":"Pampliega","twitter_card":"summary_large_image","twitter_misc":{"Escrito por":"Pampliega","Tiempo de lectura":"4 minutos"},"schema":{"@context":"https:\/\/schema.org","@graph":[{"@type":"Article","@id":"https:\/\/pampliegaassociats.com\/es\/tendencias-marcas-2021-comunicacion-estrategica\/#article","isPartOf":{"@id":"https:\/\/pampliegaassociats.com\/es\/tendencias-marcas-2021-comunicacion-estrategica\/"},"author":{"name":"Pampliega","@id":"https:\/\/pampliegaassociats.com\/#\/schema\/person\/2cf181a3b56c9bcb3887b57ca4ca92a1"},"headline":"Retos de las marcas por 2021: escuchar y adaptarse","datePublished":"2020-12-17T11:17:07+00:00","dateModified":"2020-12-17T13:34:54+00:00","mainEntityOfPage":{"@id":"https:\/\/pampliegaassociats.com\/es\/tendencias-marcas-2021-comunicacion-estrategica\/"},"wordCount":800,"commentCount":0,"publisher":{"@id":"https:\/\/pampliegaassociats.com\/#organization"},"image":{"@id":"https:\/\/pampliegaassociats.com\/es\/tendencias-marcas-2021-comunicacion-estrategica\/#primaryimage"},"thumbnailUrl":"https:\/\/pampliegaassociats.com\/wp-content\/uploads\/2020\/12\/1.jpg","articleSection":["Insights P&amp;A"],"inLanguage":"es","potentialAction":[{"@type":"CommentAction","name":"Comment","target":["https:\/\/pampliegaassociats.com\/es\/tendencias-marcas-2021-comunicacion-estrategica\/#respond"]}]},{"@type":"WebPage","@id":"https:\/\/pampliegaassociats.com\/es\/tendencias-marcas-2021-comunicacion-estrategica\/","url":"https:\/\/pampliegaassociats.com\/es\/tendencias-marcas-2021-comunicacion-estrategica\/","name":"Retos de las marcas por 2021: escuchar y adaptarse - Nuevas tendencias","isPartOf":{"@id":"https:\/\/pampliegaassociats.com\/#website"},"primaryImageOfPage":{"@id":"https:\/\/pampliegaassociats.com\/es\/tendencias-marcas-2021-comunicacion-estrategica\/#primaryimage"},"image":{"@id":"https:\/\/pampliegaassociats.com\/es\/tendencias-marcas-2021-comunicacion-estrategica\/#primaryimage"},"thumbnailUrl":"https:\/\/pampliegaassociats.com\/wp-content\/uploads\/2020\/12\/1.jpg","datePublished":"2020-12-17T11:17:07+00:00","dateModified":"2020-12-17T13:34:54+00:00","breadcrumb":{"@id":"https:\/\/pampliegaassociats.com\/es\/tendencias-marcas-2021-comunicacion-estrategica\/#breadcrumb"},"inLanguage":"es","potentialAction":[{"@type":"ReadAction","target":["https:\/\/pampliegaassociats.com\/es\/tendencias-marcas-2021-comunicacion-estrategica\/"]}]},{"@type":"ImageObject","inLanguage":"es","@id":"https:\/\/pampliegaassociats.com\/es\/tendencias-marcas-2021-comunicacion-estrategica\/#primaryimage","url":"https:\/\/pampliegaassociats.com\/wp-content\/uploads\/2020\/12\/1.jpg","contentUrl":"https:\/\/pampliegaassociats.com\/wp-content\/uploads\/2020\/12\/1.jpg","width":1395,"height":878},{"@type":"BreadcrumbList","@id":"https:\/\/pampliegaassociats.com\/es\/tendencias-marcas-2021-comunicacion-estrategica\/#breadcrumb","itemListElement":[{"@type":"ListItem","position":1,"name":"Portada","item":"https:\/\/pampliegaassociats.com\/es\/"},{"@type":"ListItem","position":2,"name":"Retos de las marcas por 2021: escuchar y adaptarse"}]},{"@type":"WebSite","@id":"https:\/\/pampliegaassociats.com\/#website","url":"https:\/\/pampliegaassociats.com\/","name":"Pampliega &amp; Associats","description":"Comunicaci\u00f3 Estrat\u00e8gica Reputaci\u00f3 i Gesti\u00f3 de crisi","publisher":{"@id":"https:\/\/pampliegaassociats.com\/#organization"},"potentialAction":[{"@type":"SearchAction","target":{"@type":"EntryPoint","urlTemplate":"https:\/\/pampliegaassociats.com\/?s={search_term_string}"},"query-input":{"@type":"PropertyValueSpecification","valueRequired":true,"valueName":"search_term_string"}}],"inLanguage":"es"},{"@type":"Organization","@id":"https:\/\/pampliegaassociats.com\/#organization","name":"Pampliega & Associats","url":"https:\/\/pampliegaassociats.com\/","logo":{"@type":"ImageObject","inLanguage":"es","@id":"https:\/\/pampliegaassociats.com\/#\/schema\/logo\/image\/","url":"https:\/\/pampliegaassociats.com\/wp-content\/uploads\/2019\/02\/logo_pampliega_associats.png","contentUrl":"https:\/\/pampliegaassociats.com\/wp-content\/uploads\/2019\/02\/logo_pampliega_associats.png","width":220,"height":110,"caption":"Pampliega & Associats"},"image":{"@id":"https:\/\/pampliegaassociats.com\/#\/schema\/logo\/image\/"}},{"@type":"Person","@id":"https:\/\/pampliegaassociats.com\/#\/schema\/person\/2cf181a3b56c9bcb3887b57ca4ca92a1","name":"Pampliega","image":{"@type":"ImageObject","inLanguage":"es","@id":"https:\/\/pampliegaassociats.com\/#\/schema\/person\/image\/","url":"https:\/\/secure.gravatar.com\/avatar\/f6ea7cc800e54ec0eeb79d7aec1b82dfa34411e3ad63b0b583ded44aaa5e8340?s=96&d=mm&r=g","contentUrl":"https:\/\/secure.gravatar.com\/avatar\/f6ea7cc800e54ec0eeb79d7aec1b82dfa34411e3ad63b0b583ded44aaa5e8340?s=96&d=mm&r=g","caption":"Pampliega"}}]}},"featured_image_src":"https:\/\/pampliegaassociats.com\/wp-content\/uploads\/2020\/12\/1-600x400.jpg","featured_image_src_square":"https:\/\/pampliegaassociats.com\/wp-content\/uploads\/2020\/12\/1-600x600.jpg","author_info":{"display_name":"Pampliega","author_link":"https:\/\/pampliegaassociats.com\/es\/author\/pampliega\/"},"_links":{"self":[{"href":"https:\/\/pampliegaassociats.com\/es\/wp-json\/wp\/v2\/posts\/1688","targetHints":{"allow":["GET"]}}],"collection":[{"href":"https:\/\/pampliegaassociats.com\/es\/wp-json\/wp\/v2\/posts"}],"about":[{"href":"https:\/\/pampliegaassociats.com\/es\/wp-json\/wp\/v2\/types\/post"}],"author":[{"embeddable":true,"href":"https:\/\/pampliegaassociats.com\/es\/wp-json\/wp\/v2\/users\/2"}],"replies":[{"embeddable":true,"href":"https:\/\/pampliegaassociats.com\/es\/wp-json\/wp\/v2\/comments?post=1688"}],"version-history":[{"count":2,"href":"https:\/\/pampliegaassociats.com\/es\/wp-json\/wp\/v2\/posts\/1688\/revisions"}],"predecessor-version":[{"id":1693,"href":"https:\/\/pampliegaassociats.com\/es\/wp-json\/wp\/v2\/posts\/1688\/revisions\/1693"}],"wp:featuredmedia":[{"embeddable":true,"href":"https:\/\/pampliegaassociats.com\/es\/wp-json\/wp\/v2\/media\/1682"}],"wp:attachment":[{"href":"https:\/\/pampliegaassociats.com\/es\/wp-json\/wp\/v2\/media?parent=1688"}],"wp:term":[{"taxonomy":"category","embeddable":true,"href":"https:\/\/pampliegaassociats.com\/es\/wp-json\/wp\/v2\/categories?post=1688"},{"taxonomy":"post_tag","embeddable":true,"href":"https:\/\/pampliegaassociats.com\/es\/wp-json\/wp\/v2\/tags?post=1688"}],"curies":[{"name":"wp","href":"https:\/\/api.w.org\/{rel}","templated":true}]}}