{"id":1659,"date":"2020-11-23T17:51:36","date_gmt":"2020-11-23T16:51:36","guid":{"rendered":"https:\/\/pampliegaassociats.com\/?p=1659"},"modified":"2020-11-23T17:51:36","modified_gmt":"2020-11-23T16:51:36","slug":"como-definir-la-estrategia-de-marca-ii","status":"publish","type":"post","link":"https:\/\/pampliegaassociats.com\/es\/como-definir-la-estrategia-de-marca-ii\/","title":{"rendered":"C\u00f3mo definir la estrategia de marca (II)?"},"content":{"rendered":"<p><img loading=\"lazy\" decoding=\"async\" class=\"aligncenter size-large wp-image-1652\" src=\"https:\/\/pampliegaassociats.com\/wp-content\/uploads\/2020\/11\/valor-marca-1024x683.jpg\" alt=\"\" width=\"640\" height=\"427\" srcset=\"https:\/\/pampliegaassociats.com\/wp-content\/uploads\/2020\/11\/valor-marca-1024x683.jpg 1024w, https:\/\/pampliegaassociats.com\/wp-content\/uploads\/2020\/11\/valor-marca-300x200.jpg 300w, https:\/\/pampliegaassociats.com\/wp-content\/uploads\/2020\/11\/valor-marca-150x100.jpg 150w, https:\/\/pampliegaassociats.com\/wp-content\/uploads\/2020\/11\/valor-marca-768x512.jpg 768w, https:\/\/pampliegaassociats.com\/wp-content\/uploads\/2020\/11\/valor-marca-200x133.jpg 200w, https:\/\/pampliegaassociats.com\/wp-content\/uploads\/2020\/11\/valor-marca-600x400.jpg 600w, https:\/\/pampliegaassociats.com\/wp-content\/uploads\/2020\/11\/valor-marca.jpg 1350w\" sizes=\"auto, (max-width: 640px) 100vw, 640px\" \/><\/p>\n<p>Una estrategia de marca adecuada dar\u00e1 un giro de 180\u00b0 a tu empresa. Con una<strong> visi\u00f3n estrat\u00e9gica para incrementar competitividad y un prop\u00f3sito<\/strong> que fusione la actividad empresarial y social, la empresa podr\u00e1 establecer con m\u00e1s precisi\u00f3n un m\u00e9todo para profundizar en el reconocimiento de marca (<em>brand awareness<\/em>). As\u00ed, la estrategia de marca tiene como objetivo trabajar el posicionamiento para incrementar la competitividad de la empresa dentro del sector y en la globalidad del mercado.<\/p>\n<p>Una consultor\u00eda de posicionamiento ser\u00eda el punto de partida para establecer la estrategia de marca y responder a preguntas como: \u00bfCu\u00e1l es nuestra ventaja competitiva? \u00bfQu\u00e9 rol queremos desarrollar en el mercado? \u00bfBenchmarck: c\u00f3mo est\u00e1n posicionadas las empresas con una actividad similar? \u00bfC\u00f3mo se quiere ser percibido por los <em>stakeholders<\/em>? \u00bfQu\u00e9 palancas de cambio hay que activar para mejorar el posicionamiento a escala global?<\/p>\n<p>En segundo lugar, se abordar\u00eda la definici\u00f3n del <strong>prop\u00f3sito empresarial<\/strong> y de los valores corporativos alineados con la cultura interna y los objetivos de la empresa para blindar la estrategia de marca: \u00bfQu\u00e9 retorno ofrecemos a la sociedad? \u00bfQu\u00e9 se quiere transmitir? \u00bfCon qu\u00e9 valores queremos que se asocie la imagen de nuestra empresa?<\/p>\n<p>Por \u00faltimo, hay que<strong> pasar a la acci\u00f3n y estructurar un plan de marca para la entidad<\/strong>. Para transmitir unos valores y trabajar un posicionamiento en el mercado interno y externo, no es suficiente con definirlos a nivel te\u00f3rico. Hace falta que, a la pr\u00e1ctica, la empresa organice acciones tangibles que trasladen la estrategia y el discurso corporativo a la opini\u00f3n p\u00fablica, para llegar a ser percibidos tal como deseamos. Se trata de reducir el <em>gap<\/em> entre la percepci\u00f3n de nuestros p\u00fablicos y nuestra esencia e identidad. Damos coherencia al \u2018Qu\u00e9 decimos, qu\u00e9 hacemos y c\u00f3mo lo hacemos\u2019.<\/p>\n<p><img loading=\"lazy\" decoding=\"async\" class=\"aligncenter size-large wp-image-1655\" src=\"https:\/\/pampliegaassociats.com\/wp-content\/uploads\/2020\/11\/valor-marca-2-1024x683.jpg\" alt=\"\" width=\"640\" height=\"427\" srcset=\"https:\/\/pampliegaassociats.com\/wp-content\/uploads\/2020\/11\/valor-marca-2-1024x683.jpg 1024w, https:\/\/pampliegaassociats.com\/wp-content\/uploads\/2020\/11\/valor-marca-2-300x200.jpg 300w, https:\/\/pampliegaassociats.com\/wp-content\/uploads\/2020\/11\/valor-marca-2-150x100.jpg 150w, https:\/\/pampliegaassociats.com\/wp-content\/uploads\/2020\/11\/valor-marca-2-768x512.jpg 768w, https:\/\/pampliegaassociats.com\/wp-content\/uploads\/2020\/11\/valor-marca-2-200x133.jpg 200w, https:\/\/pampliegaassociats.com\/wp-content\/uploads\/2020\/11\/valor-marca-2-600x400.jpg 600w, https:\/\/pampliegaassociats.com\/wp-content\/uploads\/2020\/11\/valor-marca-2.jpg 1350w\" sizes=\"auto, (max-width: 640px) 100vw, 640px\" \/><\/p>\n<p><strong>La empresa tiene que poner de su parte para que su estrategia de marca sea s\u00f3lida y reconocida.<\/strong> C\u00f3mo dec\u00edamos en el <a href=\"https:\/\/pampliegaassociats.com\/es\/estrategia-marca-comunicacion-consultoria\/\" target=\"_blank\" rel=\"noopener noreferrer\"><strong>insight anterior<\/strong><\/a>, en la era de la informaci\u00f3n un producto o un servicio eficiente no son suficientes para vender. Es imprescindible crear conexiones humanas y sociales, apelar a la vertiente emocional e implicarse en temas de inter\u00e9s general para consolidar la marca como voz de referencia.<\/p>\n<p><strong>Desde Pampliega &amp; Associats, expertos en estrategia de marca, podemos acompa\u00f1arte en este proceso estrat\u00e9gico. Ll\u00e1manos, te ofrecemos una sesi\u00f3n orientativa.<\/strong><\/p>\n","protected":false},"excerpt":{"rendered":"<p>Una estrategia de marca adecuada dar\u00e1 un giro de 180\u00b0 a tu empresa. Con una visi\u00f3n estrat\u00e9gica para incrementar competitividad y un prop\u00f3sito que fusione la actividad empresarial y social, la empresa podr\u00e1 establecer con m\u00e1s precisi\u00f3n un m\u00e9todo para profundizar en el reconocimiento de marca (brand awareness). As\u00ed, la estrategia de marca tiene como &hellip; <\/p>\n<p class=\"link-more\"><a href=\"https:\/\/pampliegaassociats.com\/es\/como-definir-la-estrategia-de-marca-ii\/\" class=\"more-link\">Seguir leyendo<span class=\"screen-reader-text\"> \u00abC\u00f3mo definir la estrategia de marca (II)?\u00bb<\/span><\/a><\/p>\n","protected":false},"author":2,"featured_media":1652,"comment_status":"open","ping_status":"open","sticky":false,"template":"","format":"standard","meta":{"footnotes":""},"categories":[8],"tags":[],"class_list":["post-1659","post","type-post","status-publish","format-standard","has-post-thumbnail","hentry","category-insights-pa-es","entry"],"yoast_head":"<!-- This site is optimized with the Yoast SEO plugin v26.7 - https:\/\/yoast.com\/wordpress\/plugins\/seo\/ -->\n<title>C\u00f3mo definir la estrategia de marca (II)? - Pampliega &amp; Associats<\/title>\n<meta name=\"robots\" content=\"index, follow, max-snippet:-1, max-image-preview:large, max-video-preview:-1\" \/>\n<link rel=\"canonical\" href=\"https:\/\/pampliegaassociats.com\/es\/como-definir-la-estrategia-de-marca-ii\/\" \/>\n<meta property=\"og:locale\" content=\"es_ES\" \/>\n<meta property=\"og:type\" content=\"article\" \/>\n<meta property=\"og:title\" content=\"C\u00f3mo definir la estrategia de marca (II)? - Pampliega &amp; Associats\" \/>\n<meta property=\"og:description\" content=\"Una estrategia de marca adecuada dar\u00e1 un giro de 180\u00b0 a tu empresa. Con una visi\u00f3n estrat\u00e9gica para incrementar competitividad y un prop\u00f3sito que fusione la actividad empresarial y social, la empresa podr\u00e1 establecer con m\u00e1s precisi\u00f3n un m\u00e9todo para profundizar en el reconocimiento de marca (brand awareness). As\u00ed, la estrategia de marca tiene como &hellip; Seguir leyendo \u00abC\u00f3mo definir la estrategia de marca (II)?\u00bb\" \/>\n<meta property=\"og:url\" content=\"https:\/\/pampliegaassociats.com\/es\/como-definir-la-estrategia-de-marca-ii\/\" \/>\n<meta property=\"og:site_name\" content=\"Pampliega &amp; Associats\" \/>\n<meta property=\"article:published_time\" content=\"2020-11-23T16:51:36+00:00\" \/>\n<meta property=\"og:image\" content=\"https:\/\/pampliegaassociats.com\/wp-content\/uploads\/2020\/11\/valor-marca-1024x683.jpg\" \/>\n<meta name=\"author\" content=\"Pampliega\" \/>\n<meta name=\"twitter:card\" content=\"summary_large_image\" \/>\n<meta name=\"twitter:label1\" content=\"Escrito por\" \/>\n\t<meta name=\"twitter:data1\" content=\"Pampliega\" \/>\n\t<meta name=\"twitter:label2\" content=\"Tiempo de lectura\" \/>\n\t<meta name=\"twitter:data2\" content=\"2 minutos\" \/>\n<script type=\"application\/ld+json\" class=\"yoast-schema-graph\">{\"@context\":\"https:\/\/schema.org\",\"@graph\":[{\"@type\":\"Article\",\"@id\":\"https:\/\/pampliegaassociats.com\/es\/como-definir-la-estrategia-de-marca-ii\/#article\",\"isPartOf\":{\"@id\":\"https:\/\/pampliegaassociats.com\/es\/como-definir-la-estrategia-de-marca-ii\/\"},\"author\":{\"name\":\"Pampliega\",\"@id\":\"https:\/\/pampliegaassociats.com\/#\/schema\/person\/2cf181a3b56c9bcb3887b57ca4ca92a1\"},\"headline\":\"C\u00f3mo definir la estrategia de marca (II)?\",\"datePublished\":\"2020-11-23T16:51:36+00:00\",\"mainEntityOfPage\":{\"@id\":\"https:\/\/pampliegaassociats.com\/es\/como-definir-la-estrategia-de-marca-ii\/\"},\"wordCount\":419,\"commentCount\":0,\"publisher\":{\"@id\":\"https:\/\/pampliegaassociats.com\/#organization\"},\"image\":{\"@id\":\"https:\/\/pampliegaassociats.com\/es\/como-definir-la-estrategia-de-marca-ii\/#primaryimage\"},\"thumbnailUrl\":\"https:\/\/pampliegaassociats.com\/wp-content\/uploads\/2020\/11\/valor-marca.jpg\",\"articleSection\":[\"Insights P&amp;A\"],\"inLanguage\":\"es\",\"potentialAction\":[{\"@type\":\"CommentAction\",\"name\":\"Comment\",\"target\":[\"https:\/\/pampliegaassociats.com\/es\/como-definir-la-estrategia-de-marca-ii\/#respond\"]}]},{\"@type\":\"WebPage\",\"@id\":\"https:\/\/pampliegaassociats.com\/es\/como-definir-la-estrategia-de-marca-ii\/\",\"url\":\"https:\/\/pampliegaassociats.com\/es\/como-definir-la-estrategia-de-marca-ii\/\",\"name\":\"C\u00f3mo definir la estrategia de marca (II)? - Pampliega &amp; Associats\",\"isPartOf\":{\"@id\":\"https:\/\/pampliegaassociats.com\/#website\"},\"primaryImageOfPage\":{\"@id\":\"https:\/\/pampliegaassociats.com\/es\/como-definir-la-estrategia-de-marca-ii\/#primaryimage\"},\"image\":{\"@id\":\"https:\/\/pampliegaassociats.com\/es\/como-definir-la-estrategia-de-marca-ii\/#primaryimage\"},\"thumbnailUrl\":\"https:\/\/pampliegaassociats.com\/wp-content\/uploads\/2020\/11\/valor-marca.jpg\",\"datePublished\":\"2020-11-23T16:51:36+00:00\",\"breadcrumb\":{\"@id\":\"https:\/\/pampliegaassociats.com\/es\/como-definir-la-estrategia-de-marca-ii\/#breadcrumb\"},\"inLanguage\":\"es\",\"potentialAction\":[{\"@type\":\"ReadAction\",\"target\":[\"https:\/\/pampliegaassociats.com\/es\/como-definir-la-estrategia-de-marca-ii\/\"]}]},{\"@type\":\"ImageObject\",\"inLanguage\":\"es\",\"@id\":\"https:\/\/pampliegaassociats.com\/es\/como-definir-la-estrategia-de-marca-ii\/#primaryimage\",\"url\":\"https:\/\/pampliegaassociats.com\/wp-content\/uploads\/2020\/11\/valor-marca.jpg\",\"contentUrl\":\"https:\/\/pampliegaassociats.com\/wp-content\/uploads\/2020\/11\/valor-marca.jpg\",\"width\":1350,\"height\":900},{\"@type\":\"BreadcrumbList\",\"@id\":\"https:\/\/pampliegaassociats.com\/es\/como-definir-la-estrategia-de-marca-ii\/#breadcrumb\",\"itemListElement\":[{\"@type\":\"ListItem\",\"position\":1,\"name\":\"Portada\",\"item\":\"https:\/\/pampliegaassociats.com\/es\/\"},{\"@type\":\"ListItem\",\"position\":2,\"name\":\"C\u00f3mo definir la estrategia de marca (II)?\"}]},{\"@type\":\"WebSite\",\"@id\":\"https:\/\/pampliegaassociats.com\/#website\",\"url\":\"https:\/\/pampliegaassociats.com\/\",\"name\":\"Pampliega &amp; Associats\",\"description\":\"Comunicaci\u00f3 Estrat\u00e8gica Reputaci\u00f3 i Gesti\u00f3 de crisi\",\"publisher\":{\"@id\":\"https:\/\/pampliegaassociats.com\/#organization\"},\"potentialAction\":[{\"@type\":\"SearchAction\",\"target\":{\"@type\":\"EntryPoint\",\"urlTemplate\":\"https:\/\/pampliegaassociats.com\/?s={search_term_string}\"},\"query-input\":{\"@type\":\"PropertyValueSpecification\",\"valueRequired\":true,\"valueName\":\"search_term_string\"}}],\"inLanguage\":\"es\"},{\"@type\":\"Organization\",\"@id\":\"https:\/\/pampliegaassociats.com\/#organization\",\"name\":\"Pampliega & Associats\",\"url\":\"https:\/\/pampliegaassociats.com\/\",\"logo\":{\"@type\":\"ImageObject\",\"inLanguage\":\"es\",\"@id\":\"https:\/\/pampliegaassociats.com\/#\/schema\/logo\/image\/\",\"url\":\"https:\/\/pampliegaassociats.com\/wp-content\/uploads\/2019\/02\/logo_pampliega_associats.png\",\"contentUrl\":\"https:\/\/pampliegaassociats.com\/wp-content\/uploads\/2019\/02\/logo_pampliega_associats.png\",\"width\":220,\"height\":110,\"caption\":\"Pampliega & Associats\"},\"image\":{\"@id\":\"https:\/\/pampliegaassociats.com\/#\/schema\/logo\/image\/\"}},{\"@type\":\"Person\",\"@id\":\"https:\/\/pampliegaassociats.com\/#\/schema\/person\/2cf181a3b56c9bcb3887b57ca4ca92a1\",\"name\":\"Pampliega\",\"image\":{\"@type\":\"ImageObject\",\"inLanguage\":\"es\",\"@id\":\"https:\/\/pampliegaassociats.com\/#\/schema\/person\/image\/\",\"url\":\"https:\/\/secure.gravatar.com\/avatar\/f6ea7cc800e54ec0eeb79d7aec1b82dfa34411e3ad63b0b583ded44aaa5e8340?s=96&d=mm&r=g\",\"contentUrl\":\"https:\/\/secure.gravatar.com\/avatar\/f6ea7cc800e54ec0eeb79d7aec1b82dfa34411e3ad63b0b583ded44aaa5e8340?s=96&d=mm&r=g\",\"caption\":\"Pampliega\"}}]}<\/script>\n<!-- \/ Yoast SEO plugin. -->","yoast_head_json":{"title":"C\u00f3mo definir la estrategia de marca (II)? - Pampliega &amp; Associats","robots":{"index":"index","follow":"follow","max-snippet":"max-snippet:-1","max-image-preview":"max-image-preview:large","max-video-preview":"max-video-preview:-1"},"canonical":"https:\/\/pampliegaassociats.com\/es\/como-definir-la-estrategia-de-marca-ii\/","og_locale":"es_ES","og_type":"article","og_title":"C\u00f3mo definir la estrategia de marca (II)? - Pampliega &amp; Associats","og_description":"Una estrategia de marca adecuada dar\u00e1 un giro de 180\u00b0 a tu empresa. Con una visi\u00f3n estrat\u00e9gica para incrementar competitividad y un prop\u00f3sito que fusione la actividad empresarial y social, la empresa podr\u00e1 establecer con m\u00e1s precisi\u00f3n un m\u00e9todo para profundizar en el reconocimiento de marca (brand awareness). As\u00ed, la estrategia de marca tiene como &hellip; Seguir leyendo \u00abC\u00f3mo definir la estrategia de marca (II)?\u00bb","og_url":"https:\/\/pampliegaassociats.com\/es\/como-definir-la-estrategia-de-marca-ii\/","og_site_name":"Pampliega &amp; Associats","article_published_time":"2020-11-23T16:51:36+00:00","og_image":[{"url":"https:\/\/pampliegaassociats.com\/wp-content\/uploads\/2020\/11\/valor-marca-1024x683.jpg","type":"","width":"","height":""}],"author":"Pampliega","twitter_card":"summary_large_image","twitter_misc":{"Escrito por":"Pampliega","Tiempo de lectura":"2 minutos"},"schema":{"@context":"https:\/\/schema.org","@graph":[{"@type":"Article","@id":"https:\/\/pampliegaassociats.com\/es\/como-definir-la-estrategia-de-marca-ii\/#article","isPartOf":{"@id":"https:\/\/pampliegaassociats.com\/es\/como-definir-la-estrategia-de-marca-ii\/"},"author":{"name":"Pampliega","@id":"https:\/\/pampliegaassociats.com\/#\/schema\/person\/2cf181a3b56c9bcb3887b57ca4ca92a1"},"headline":"C\u00f3mo definir la estrategia de marca (II)?","datePublished":"2020-11-23T16:51:36+00:00","mainEntityOfPage":{"@id":"https:\/\/pampliegaassociats.com\/es\/como-definir-la-estrategia-de-marca-ii\/"},"wordCount":419,"commentCount":0,"publisher":{"@id":"https:\/\/pampliegaassociats.com\/#organization"},"image":{"@id":"https:\/\/pampliegaassociats.com\/es\/como-definir-la-estrategia-de-marca-ii\/#primaryimage"},"thumbnailUrl":"https:\/\/pampliegaassociats.com\/wp-content\/uploads\/2020\/11\/valor-marca.jpg","articleSection":["Insights P&amp;A"],"inLanguage":"es","potentialAction":[{"@type":"CommentAction","name":"Comment","target":["https:\/\/pampliegaassociats.com\/es\/como-definir-la-estrategia-de-marca-ii\/#respond"]}]},{"@type":"WebPage","@id":"https:\/\/pampliegaassociats.com\/es\/como-definir-la-estrategia-de-marca-ii\/","url":"https:\/\/pampliegaassociats.com\/es\/como-definir-la-estrategia-de-marca-ii\/","name":"C\u00f3mo definir la estrategia de marca (II)? - Pampliega &amp; Associats","isPartOf":{"@id":"https:\/\/pampliegaassociats.com\/#website"},"primaryImageOfPage":{"@id":"https:\/\/pampliegaassociats.com\/es\/como-definir-la-estrategia-de-marca-ii\/#primaryimage"},"image":{"@id":"https:\/\/pampliegaassociats.com\/es\/como-definir-la-estrategia-de-marca-ii\/#primaryimage"},"thumbnailUrl":"https:\/\/pampliegaassociats.com\/wp-content\/uploads\/2020\/11\/valor-marca.jpg","datePublished":"2020-11-23T16:51:36+00:00","breadcrumb":{"@id":"https:\/\/pampliegaassociats.com\/es\/como-definir-la-estrategia-de-marca-ii\/#breadcrumb"},"inLanguage":"es","potentialAction":[{"@type":"ReadAction","target":["https:\/\/pampliegaassociats.com\/es\/como-definir-la-estrategia-de-marca-ii\/"]}]},{"@type":"ImageObject","inLanguage":"es","@id":"https:\/\/pampliegaassociats.com\/es\/como-definir-la-estrategia-de-marca-ii\/#primaryimage","url":"https:\/\/pampliegaassociats.com\/wp-content\/uploads\/2020\/11\/valor-marca.jpg","contentUrl":"https:\/\/pampliegaassociats.com\/wp-content\/uploads\/2020\/11\/valor-marca.jpg","width":1350,"height":900},{"@type":"BreadcrumbList","@id":"https:\/\/pampliegaassociats.com\/es\/como-definir-la-estrategia-de-marca-ii\/#breadcrumb","itemListElement":[{"@type":"ListItem","position":1,"name":"Portada","item":"https:\/\/pampliegaassociats.com\/es\/"},{"@type":"ListItem","position":2,"name":"C\u00f3mo definir la estrategia de marca (II)?"}]},{"@type":"WebSite","@id":"https:\/\/pampliegaassociats.com\/#website","url":"https:\/\/pampliegaassociats.com\/","name":"Pampliega &amp; Associats","description":"Comunicaci\u00f3 Estrat\u00e8gica Reputaci\u00f3 i Gesti\u00f3 de crisi","publisher":{"@id":"https:\/\/pampliegaassociats.com\/#organization"},"potentialAction":[{"@type":"SearchAction","target":{"@type":"EntryPoint","urlTemplate":"https:\/\/pampliegaassociats.com\/?s={search_term_string}"},"query-input":{"@type":"PropertyValueSpecification","valueRequired":true,"valueName":"search_term_string"}}],"inLanguage":"es"},{"@type":"Organization","@id":"https:\/\/pampliegaassociats.com\/#organization","name":"Pampliega & Associats","url":"https:\/\/pampliegaassociats.com\/","logo":{"@type":"ImageObject","inLanguage":"es","@id":"https:\/\/pampliegaassociats.com\/#\/schema\/logo\/image\/","url":"https:\/\/pampliegaassociats.com\/wp-content\/uploads\/2019\/02\/logo_pampliega_associats.png","contentUrl":"https:\/\/pampliegaassociats.com\/wp-content\/uploads\/2019\/02\/logo_pampliega_associats.png","width":220,"height":110,"caption":"Pampliega & Associats"},"image":{"@id":"https:\/\/pampliegaassociats.com\/#\/schema\/logo\/image\/"}},{"@type":"Person","@id":"https:\/\/pampliegaassociats.com\/#\/schema\/person\/2cf181a3b56c9bcb3887b57ca4ca92a1","name":"Pampliega","image":{"@type":"ImageObject","inLanguage":"es","@id":"https:\/\/pampliegaassociats.com\/#\/schema\/person\/image\/","url":"https:\/\/secure.gravatar.com\/avatar\/f6ea7cc800e54ec0eeb79d7aec1b82dfa34411e3ad63b0b583ded44aaa5e8340?s=96&d=mm&r=g","contentUrl":"https:\/\/secure.gravatar.com\/avatar\/f6ea7cc800e54ec0eeb79d7aec1b82dfa34411e3ad63b0b583ded44aaa5e8340?s=96&d=mm&r=g","caption":"Pampliega"}}]}},"featured_image_src":"https:\/\/pampliegaassociats.com\/wp-content\/uploads\/2020\/11\/valor-marca-600x400.jpg","featured_image_src_square":"https:\/\/pampliegaassociats.com\/wp-content\/uploads\/2020\/11\/valor-marca-600x600.jpg","author_info":{"display_name":"Pampliega","author_link":"https:\/\/pampliegaassociats.com\/es\/author\/pampliega\/"},"_links":{"self":[{"href":"https:\/\/pampliegaassociats.com\/es\/wp-json\/wp\/v2\/posts\/1659","targetHints":{"allow":["GET"]}}],"collection":[{"href":"https:\/\/pampliegaassociats.com\/es\/wp-json\/wp\/v2\/posts"}],"about":[{"href":"https:\/\/pampliegaassociats.com\/es\/wp-json\/wp\/v2\/types\/post"}],"author":[{"embeddable":true,"href":"https:\/\/pampliegaassociats.com\/es\/wp-json\/wp\/v2\/users\/2"}],"replies":[{"embeddable":true,"href":"https:\/\/pampliegaassociats.com\/es\/wp-json\/wp\/v2\/comments?post=1659"}],"version-history":[{"count":1,"href":"https:\/\/pampliegaassociats.com\/es\/wp-json\/wp\/v2\/posts\/1659\/revisions"}],"predecessor-version":[{"id":1660,"href":"https:\/\/pampliegaassociats.com\/es\/wp-json\/wp\/v2\/posts\/1659\/revisions\/1660"}],"wp:featuredmedia":[{"embeddable":true,"href":"https:\/\/pampliegaassociats.com\/es\/wp-json\/wp\/v2\/media\/1652"}],"wp:attachment":[{"href":"https:\/\/pampliegaassociats.com\/es\/wp-json\/wp\/v2\/media?parent=1659"}],"wp:term":[{"taxonomy":"category","embeddable":true,"href":"https:\/\/pampliegaassociats.com\/es\/wp-json\/wp\/v2\/categories?post=1659"},{"taxonomy":"post_tag","embeddable":true,"href":"https:\/\/pampliegaassociats.com\/es\/wp-json\/wp\/v2\/tags?post=1659"}],"curies":[{"name":"wp","href":"https:\/\/api.w.org\/{rel}","templated":true}]}}